{"id":14979,"date":"2026-09-01T16:40:30","date_gmt":"2026-09-01T16:40:30","guid":{"rendered":"https:\/\/sjalfsbjorg.is\/?p=14979"},"modified":"2026-09-01T16:42:35","modified_gmt":"2026-09-01T16:42:35","slug":"hvernig-er-adgengi-ad-hjalpartaekjum-a-islandi","status":"publish","type":"post","link":"https:\/\/sjalfsbjorg.is\/en\/hvernig-er-adgengi-ad-hjalpartaekjum-a-islandi\/","title":{"rendered":"How accessible are assistive devices in Iceland?"},"content":{"rendered":"<p class=\"wp-block-paragraph\"><br><strong>Sj\u00e1lfsbj\u00f6rg is seeking participation from its members in a short survey about assistive devices and their accessibility in Iceland.<\/strong><br>Assistive devices are crucial for the independence, functionality, and participation of people with disabilities in society. Therefore, it is important for Sj\u00e1lfsbj\u00f6rg to have a clear picture of its members&#x27; experiences \u2013 what is going well, what can be improved, and what changes people want to see.<br><\/p>\n\n\n\n<p class=\"wp-block-paragraph\"><strong>We want to know, among other things:<\/strong><br><br>\u2022 What assistive tools club members use.<br>\u2022 Where or from whom the assistive devices are obtained.<br>\u2022 How people experience access to assistive devices.<br>\u2022 Whether people had to wait a long time for an assistive device or a repair.<br>\u2022 What changes members most want to see.<\/p>\n\n\n\n<p class=\"wp-block-paragraph\"><br>The results will be used in Sj\u00e1lfsbj\u00f6rg&#x27;s advocacy efforts and in discussions with the government about improvements in assistive technology.<\/p>\n\n\n\n<p class=\"wp-block-paragraph\"><br>The survey only takes a few minutes and is an important part of communicating the experiences and perspectives of the members.<\/p>\n\n\n\n<p class=\"wp-block-paragraph\"><br>\ud83d\udc49<strong> Take the survey here:<\/strong><br><a href=\"\/en\/konnun\/\" data-type=\"link\" data-id=\"\/konnun\">Survey on assistive devices and their accessibility<\/a><\/p>\n\n\n\n<p class=\"wp-block-paragraph\">We strongly encourage our members to participate. Every response matters!<\/p>\n\n\n\n<p class=\"wp-block-paragraph\"><br>Thank you very much for your participation.<\/p>\n\n\n\n<p class=\"wp-block-paragraph\"><\/p>","protected":false},"excerpt":{"rendered":"<p>Sj\u00e1lfsbj\u00f6rg \u00f3skar eftir \u00fe\u00e1ttt\u00f6ku f\u00e9lagsf\u00f3lks \u00ed stuttri k\u00f6nnun um hj\u00e1lpart\u00e6ki og a\u00f0gengi a\u00f0 \u00feeim \u00e1 \u00cdslandi.Hj\u00e1lpart\u00e6ki skipta sk\u00f6pum fyrir sj\u00e1lfst\u00e6\u00f0i, virkni og \u00fe\u00e1ttt\u00f6ku fatla\u00f0s f\u00f3lks \u00ed samf\u00e9laginu. \u00dev\u00ed er mikilv\u00e6gt [&hellip;]<\/p>\n","protected":false},"author":1,"featured_media":14982,"comment_status":"closed","ping_status":"closed","sticky":false,"template":"","format":"standard","meta":{"footnotes":""},"categories":[55,1],"tags":[],"class_list":["post-14979","post","type-post","status-publish","format-standard","has-post-thumbnail","hentry","category-frettir","category-starfsemin"],"_links":{"self":[{"href":"https:\/\/sjalfsbjorg.is\/en\/wp-json\/wp\/v2\/posts\/14979","targetHints":{"allow":["GET"]}}],"collection":[{"href":"https:\/\/sjalfsbjorg.is\/en\/wp-json\/wp\/v2\/posts"}],"about":[{"href":"https:\/\/sjalfsbjorg.is\/en\/wp-json\/wp\/v2\/types\/post"}],"author":[{"embeddable":true,"href":"https:\/\/sjalfsbjorg.is\/en\/wp-json\/wp\/v2\/users\/1"}],"replies":[{"embeddable":true,"href":"https:\/\/sjalfsbjorg.is\/en\/wp-json\/wp\/v2\/comments?post=14979"}],"version-history":[{"count":2,"href":"https:\/\/sjalfsbjorg.is\/en\/wp-json\/wp\/v2\/posts\/14979\/revisions"}],"predecessor-version":[{"id":14983,"href":"https:\/\/sjalfsbjorg.is\/en\/wp-json\/wp\/v2\/posts\/14979\/revisions\/14983"}],"wp:featuredmedia":[{"embeddable":true,"href":"https:\/\/sjalfsbjorg.is\/en\/wp-json\/wp\/v2\/media\/14982"}],"wp:attachment":[{"href":"https:\/\/sjalfsbjorg.is\/en\/wp-json\/wp\/v2\/media?parent=14979"}],"wp:term":[{"taxonomy":"category","embeddable":true,"href":"https:\/\/sjalfsbjorg.is\/en\/wp-json\/wp\/v2\/categories?post=14979"},{"taxonomy":"post_tag","embeddable":true,"href":"https:\/\/sjalfsbjorg.is\/en\/wp-json\/wp\/v2\/tags?post=14979"}],"curies":[{"name":"word per minute","href":"https:\/\/api.w.org\/{rel}","templated":true}]}}