{"id":5183,"date":"2025-09-22T05:19:00","date_gmt":"2025-09-22T05:19:00","guid":{"rendered":"https:\/\/sjalfsbjorg.is\/?p=5183"},"modified":"2026-04-29T10:59:44","modified_gmt":"2026-04-29T10:59:44","slug":"mikilvaegi-felagasamtaka-og-magnad-marathon","status":"publish","type":"post","link":"https:\/\/sjalfsbjorg.is\/en\/mikilvaegi-felagasamtaka-og-magnad-marathon\/","title":{"rendered":"The importance of non-profit organizations and an amazing marathon"},"content":{"rendered":"<p>\u00c1 morgun er Reykjav\u00edkurmara\u00feoni\u00f0 \u00fear sem m\u00f6rg safna \u00e1heitum til styrktar g\u00f3\u00f0ger\u00f0arf\u00e9l\u00f6gum, minningasj\u00f3\u00f0um og einstaklingum, sem stu\u00f0la a\u00f0 betra samf\u00e9lagi. \u00dearna f\u00e1 g\u00f3\u00f0 og \u00fe\u00f6rf m\u00e1lefni kastlj\u00f3si\u00f0 vegna mikilv\u00e6gis \u00feeirra og \u00e1hrifa \u00e1 samf\u00e9lagi\u00f0.<\/p>\n\n\n\n<p>Sj\u00e1lfsbj\u00f6rg lsh. er eitt \u00feeirra f\u00e9laga sem f\u00e1 kastlj\u00f3si beint a\u00f0 s\u00e9r fyrir s\u00edn bar\u00e1ttum\u00e1l, sem eru a\u00f0gengi, endurh\u00e6fing, hj\u00e1lpart\u00e6ki, b\u00edlast\u00e6\u00f0am\u00e1l, b\u00edlastyrkjam\u00e1l o.fl. Vegna f\u00e9lagsins er Kjarkur endurh\u00e6fing til, sem er mj\u00f6g mikilv\u00e6gt endurh\u00e6finga\u00farr\u00e6\u00f0i og m\u00f6rg sem hafa noti\u00f0 \u00fear faglegrar og g\u00f3\u00f0rar endurh\u00e6fingar. P-merki eru til vegna bar\u00e1ttu Sj\u00e1lfsbjargar og \u00fe\u00e1 hafa l\u00f6g og regluger\u00f0ir tengd a\u00f0gengi a\u00f0 mannger\u00f0u h\u00fasn\u00e6\u00f0i og umhverfi teki\u00f0 breytingum til betri vegar vegna \u00e1bendinga og \u00fer\u00fdstings fr\u00e1 Sj\u00e1lfsbj\u00f6rg \u00ed gegnum \u00e1ratugina. S\u00f6mu s\u00f6gu m\u00e1 segja um bifrei\u00f0astyrki fyrir hreyfih\u00f6mlu\u00f0 og a\u00f0gengism\u00e1l innan sveitarf\u00e9laga. F\u00e9lagi\u00f0 er \u00fev\u00ed d\u00fdrm\u00e6tt \u00f6llu f\u00e9lagsf\u00f3lki, og \u00fea\u00f0 er ekki s\u00ed\u00f0ur d\u00fdrm\u00e6tt \u00f6\u00f0rum \u00feeim sem vilja samf\u00e9lag \u00fear sem \u00f6ll hafa t\u00e6kif\u00e6ri til \u00fe\u00e1ttt\u00f6ku \u00e1 eigin forsendum. \u00dea\u00f0 nefnilega veit engin hva\u00f0 morgundagurinn ber \u00ed skauti s\u00e9r.<\/p>\n\n\n\n<p>Um lei\u00f0 og \u00e9g \u00f3ska g\u00f3\u00f0ger\u00f0arf\u00e9l\u00f6gum og \u00f6llum hlaupurum sem safna \u00e1heitum, g\u00f3\u00f0s gengis \u00feakka \u00e9g \u00f6llum \u00feeim sem heiti\u00f0 hafa \u00e1 hlaupara fyrir Sj\u00e1lfsbj\u00f6rg og s\u00e9rstaklega hlaupurunum sem vali\u00f0 hafa a\u00f0 leggja verkefnum Sj\u00e1lfsbjargar li\u00f0. Nj\u00f3tum Menningarn\u00e6tur og h\u00f6fum k\u00e6rleika og tillitssemi a\u00f0 lei\u00f0arlj\u00f3si! TAKK<\/p>","protected":false},"excerpt":{"rendered":"<p>\u00c1 morgun er Reykjav\u00edkurmara\u00feoni\u00f0 \u00fear sem m\u00f6rg safna \u00e1heitum til styrktar g\u00f3\u00f0ger\u00f0arf\u00e9l\u00f6gum<\/p>","protected":false},"author":1,"featured_media":5184,"comment_status":"closed","ping_status":"closed","sticky":false,"template":"elementor_theme","format":"standard","meta":{"footnotes":""},"categories":[55],"tags":[],"class_list":["post-5183","post","type-post","status-publish","format-standard","has-post-thumbnail","hentry","category-frettir"],"_links":{"self":[{"href":"https:\/\/sjalfsbjorg.is\/en\/wp-json\/wp\/v2\/posts\/5183","targetHints":{"allow":["GET"]}}],"collection":[{"href":"https:\/\/sjalfsbjorg.is\/en\/wp-json\/wp\/v2\/posts"}],"about":[{"href":"https:\/\/sjalfsbjorg.is\/en\/wp-json\/wp\/v2\/types\/post"}],"author":[{"embeddable":true,"href":"https:\/\/sjalfsbjorg.is\/en\/wp-json\/wp\/v2\/users\/1"}],"replies":[{"embeddable":true,"href":"https:\/\/sjalfsbjorg.is\/en\/wp-json\/wp\/v2\/comments?post=5183"}],"version-history":[{"count":1,"href":"https:\/\/sjalfsbjorg.is\/en\/wp-json\/wp\/v2\/posts\/5183\/revisions"}],"predecessor-version":[{"id":13335,"href":"https:\/\/sjalfsbjorg.is\/en\/wp-json\/wp\/v2\/posts\/5183\/revisions\/13335"}],"wp:featuredmedia":[{"embeddable":true,"href":"https:\/\/sjalfsbjorg.is\/en\/wp-json\/wp\/v2\/media\/5184"}],"wp:attachment":[{"href":"https:\/\/sjalfsbjorg.is\/en\/wp-json\/wp\/v2\/media?parent=5183"}],"wp:term":[{"taxonomy":"category","embeddable":true,"href":"https:\/\/sjalfsbjorg.is\/en\/wp-json\/wp\/v2\/categories?post=5183"},{"taxonomy":"post_tag","embeddable":true,"href":"https:\/\/sjalfsbjorg.is\/en\/wp-json\/wp\/v2\/tags?post=5183"}],"curies":[{"name":"wp","href":"https:\/\/api.w.org\/{rel}","templated":true}]}}