{"id":7579,"date":"2025-02-03T13:22:00","date_gmt":"2025-02-03T13:22:00","guid":{"rendered":"https:\/\/sjalfsbjorg.is\/?p=7579"},"modified":"2026-04-29T10:59:45","modified_gmt":"2026-04-29T10:59:45","slug":"samradsfundur-vegna-mannrettindarads-sameinudu-thjodanna","status":"publish","type":"post","link":"https:\/\/sjalfsbjorg.is\/en\/samradsfundur-vegna-mannrettindarads-sameinudu-thjodanna\/","title":{"rendered":"Consultation meeting on the United Nations Human Rights Council"},"content":{"rendered":"<p>\u00d6B\u00cd &#8211; r\u00e9ttindasamt\u00f6k bo\u00f0a til fundar me\u00f0 frj\u00e1lsum f\u00e9lagasamt\u00f6kum til a\u00f0 r\u00e6\u00f0a undirb\u00faning fyrir vetrarlotu mannr\u00e9ttindar\u00e1\u00f0s Sameinu\u00f0u \u00fej\u00f3\u00f0anna sem hefst \u00feann 24. febr\u00faar n\u00e6stkomandi. Um er a\u00f0 r\u00e6\u00f0a fyrstu lotu r\u00e1\u00f0sins eftir a\u00f0 \u00cdsland t\u00f3k s\u00e6ti \u00ed mannr\u00e9ttindar\u00e1\u00f0inu um \u00e1ram\u00f3tin fyrir t\u00edmabili\u00f0 2025-2027.<\/p>\n\n\n\n<p>Einar Gunnarsson, fastafulltr\u00fai \u00cdslands gagnvart Sameinu\u00f0u \u00fej\u00f3\u00f0unum \u00ed Genf, tekur \u00fe\u00e1tt \u00ed fundinum \u00e1samt fulltr\u00faum Utanr\u00edkisr\u00e1\u00f0uneytisins og st\u00fdrih\u00f3ps Stj\u00f3rnarr\u00e1\u00f0sins um mannr\u00e9ttindi.<\/p>\n\n\n\n<p>Fundurinn ver\u00f0ur haldinn \u00ed Mannr\u00e9ttindah\u00fasinu \u00ed Sigt\u00fani 42 fimtudaginn 6.febr\u00faar klukkan 10:00.<\/p>\n\n\n\n<p>Fundurinn er \u00f6llum opin og hvetjum vi\u00f0 sem flesta til a\u00f0 m\u00e6ta. H\u00e6gt er a\u00f0 f\u00e1 frekari uppl\u00fdsingar um&nbsp;<a href=\"https:\/\/www.facebook.com\/events\/1809854669774088\">vi\u00f0bur\u00f0inn \u00e1 Facebook<\/a>.<\/p>","protected":false},"excerpt":{"rendered":"<p>\u00d6B\u00cd &#8211; r\u00e9ttindasamt\u00f6k bo\u00f0a til fundar me\u00f0 frj\u00e1lsum f\u00e9lagasamt\u00f6kum til a\u00f0 r\u00e6\u00f0a undirb\u00faning fyrir vetrarlotu mannr\u00e9ttindar\u00e1\u00f0s<\/p>","protected":false},"author":1,"featured_media":7580,"comment_status":"closed","ping_status":"closed","sticky":false,"template":"","format":"standard","meta":{"footnotes":""},"categories":[55],"tags":[],"class_list":["post-7579","post","type-post","status-publish","format-standard","has-post-thumbnail","hentry","category-frettir"],"_links":{"self":[{"href":"https:\/\/sjalfsbjorg.is\/en\/wp-json\/wp\/v2\/posts\/7579","targetHints":{"allow":["GET"]}}],"collection":[{"href":"https:\/\/sjalfsbjorg.is\/en\/wp-json\/wp\/v2\/posts"}],"about":[{"href":"https:\/\/sjalfsbjorg.is\/en\/wp-json\/wp\/v2\/types\/post"}],"author":[{"embeddable":true,"href":"https:\/\/sjalfsbjorg.is\/en\/wp-json\/wp\/v2\/users\/1"}],"replies":[{"embeddable":true,"href":"https:\/\/sjalfsbjorg.is\/en\/wp-json\/wp\/v2\/comments?post=7579"}],"version-history":[{"count":1,"href":"https:\/\/sjalfsbjorg.is\/en\/wp-json\/wp\/v2\/posts\/7579\/revisions"}],"predecessor-version":[{"id":13366,"href":"https:\/\/sjalfsbjorg.is\/en\/wp-json\/wp\/v2\/posts\/7579\/revisions\/13366"}],"wp:featuredmedia":[{"embeddable":true,"href":"https:\/\/sjalfsbjorg.is\/en\/wp-json\/wp\/v2\/media\/7580"}],"wp:attachment":[{"href":"https:\/\/sjalfsbjorg.is\/en\/wp-json\/wp\/v2\/media?parent=7579"}],"wp:term":[{"taxonomy":"category","embeddable":true,"href":"https:\/\/sjalfsbjorg.is\/en\/wp-json\/wp\/v2\/categories?post=7579"},{"taxonomy":"post_tag","embeddable":true,"href":"https:\/\/sjalfsbjorg.is\/en\/wp-json\/wp\/v2\/tags?post=7579"}],"curies":[{"name":"wp","href":"https:\/\/api.w.org\/{rel}","templated":true}]}}