{"id":7582,"date":"2025-01-30T13:23:00","date_gmt":"2025-01-30T13:23:00","guid":{"rendered":"https:\/\/sjalfsbjorg.is\/?p=7582"},"modified":"2026-04-29T10:59:45","modified_gmt":"2026-04-29T10:59:45","slug":"rannsokn-a-ororku-kvenna-og-karla-a-aldrinum-50-til-66-ara","status":"publish","type":"post","link":"https:\/\/sjalfsbjorg.is\/en\/rannsokn-a-ororku-kvenna-og-karla-a-aldrinum-50-til-66-ara\/","title":{"rendered":"Study of disability in women and men aged 50 to 66"},"content":{"rendered":"<p>Tryggingastofnun, Velfer\u00f0arvaktin, Vinnueftirliti\u00f0 og f\u00e9lags- og vinnumarka\u00f0sr\u00e1\u00f0uneyti\u00f0 standa saman a\u00f0 ranns\u00f3kn \u00e1 \u00f6rorkul\u00edfeyri kvenna og karla \u00e1 aldrinum 50 til 66 \u00e1ra.<\/p>\n\n\n\n<p>TR hefur sent \u00fat kynningar- og sam\u00feykktarbr\u00e9f til f\u00f3lks \u00e1 \u00feessu aldursbili sem hefur fengi\u00f0 \u00f6rorkumat \u00e1 undangengnum fimm \u00e1rum, \u00fear sem \u00feeim er bo\u00f0i\u00f0 a\u00f0 taka \u00fe\u00e1tt \u00ed ranns\u00f3kn. \u00deau sem sam\u00feykkja \u00fe\u00e1ttt\u00f6ku f\u00e1 sendan spurningalista fr\u00e1 F\u00e9lagsv\u00edsindastofnun H\u00e1sk\u00f3la \u00cdslands \u00e1 n\u00e6stu d\u00f6gum. Markmi\u00f0 ranns\u00f3knarinnar er a\u00f0 beina sj\u00f3num a\u00f0 \u00fev\u00ed hvers vegna munur er \u00e1 milli kynja hva\u00f0 var\u00f0ar t\u00f6ku \u00f6rorkul\u00edfeyris hj\u00e1 f\u00f3lki \u00e1 aldrinum 50 til 66 \u00e1ra. A\u00f0 auki ver\u00f0ur k\u00f6nnunin send konum sem skr\u00e1\u00f0ar eru \u00ed samanbur\u00f0arh\u00f3pi \u00ed netpanel F\u00e9lagsv\u00edsindastofnunar.<\/p>\n\n\n\n<p>Ni\u00f0urst\u00f6\u00f0ur ranns\u00f3knar ver\u00f0a birtar \u00ed \u00edtarlegri sk\u00fdrslu \u00fear sem greint ver\u00f0ur annars vegar hvort munur s\u00e9 \u00e1 reynslu og bakgrunni karla og kvenna me\u00f0 \u00f6rorkul\u00edfeyri og hins vegar hvort munur s\u00e9 \u00e1 reynslu og bakgrunni kvenna me\u00f0 \u00f6rorkumat og \u00feeirra sem tilheyra netpanel F\u00e9lagsv\u00edsindastofnunar.<\/p>\n\n\n\n<p>Gert er r\u00e1\u00f0 fyrir a\u00f0 ni\u00f0urst\u00f6\u00f0ur ranns\u00f3knarinnar liggi fyrir \u00e1 vorm\u00e1nu\u00f0um og ver\u00f0a \u00fe\u00e6r kynntar formlega.<\/p>\n\n\n\n<p>Sj\u00e1lfsbj\u00f6rg hvetur sem flesta sem f\u00e1 bo\u00f0 til a\u00f0 taka \u00fe\u00e1tt.<\/p>","protected":false},"excerpt":{"rendered":"<p>Tryggingastofnun, Velfer\u00f0arvaktin, Vinnueftirliti\u00f0 og f\u00e9lags- og vinnumarka\u00f0sr\u00e1\u00f0uneyti\u00f0 standa saman a\u00f0 ranns\u00f3kn <\/p>","protected":false},"author":1,"featured_media":7583,"comment_status":"closed","ping_status":"closed","sticky":false,"template":"","format":"standard","meta":{"footnotes":""},"categories":[55],"tags":[],"class_list":["post-7582","post","type-post","status-publish","format-standard","has-post-thumbnail","hentry","category-frettir"],"_links":{"self":[{"href":"https:\/\/sjalfsbjorg.is\/en\/wp-json\/wp\/v2\/posts\/7582","targetHints":{"allow":["GET"]}}],"collection":[{"href":"https:\/\/sjalfsbjorg.is\/en\/wp-json\/wp\/v2\/posts"}],"about":[{"href":"https:\/\/sjalfsbjorg.is\/en\/wp-json\/wp\/v2\/types\/post"}],"author":[{"embeddable":true,"href":"https:\/\/sjalfsbjorg.is\/en\/wp-json\/wp\/v2\/users\/1"}],"replies":[{"embeddable":true,"href":"https:\/\/sjalfsbjorg.is\/en\/wp-json\/wp\/v2\/comments?post=7582"}],"version-history":[{"count":1,"href":"https:\/\/sjalfsbjorg.is\/en\/wp-json\/wp\/v2\/posts\/7582\/revisions"}],"predecessor-version":[{"id":13367,"href":"https:\/\/sjalfsbjorg.is\/en\/wp-json\/wp\/v2\/posts\/7582\/revisions\/13367"}],"wp:featuredmedia":[{"embeddable":true,"href":"https:\/\/sjalfsbjorg.is\/en\/wp-json\/wp\/v2\/media\/7583"}],"wp:attachment":[{"href":"https:\/\/sjalfsbjorg.is\/en\/wp-json\/wp\/v2\/media?parent=7582"}],"wp:term":[{"taxonomy":"category","embeddable":true,"href":"https:\/\/sjalfsbjorg.is\/en\/wp-json\/wp\/v2\/categories?post=7582"},{"taxonomy":"post_tag","embeddable":true,"href":"https:\/\/sjalfsbjorg.is\/en\/wp-json\/wp\/v2\/tags?post=7582"}],"curies":[{"name":"wp","href":"https:\/\/api.w.org\/{rel}","templated":true}]}}