{"id":7597,"date":"2025-01-10T13:32:00","date_gmt":"2025-01-10T13:32:00","guid":{"rendered":"https:\/\/sjalfsbjorg.is\/?p=7597"},"modified":"2026-04-29T10:59:45","modified_gmt":"2026-04-29T10:59:45","slug":"breytingar-a-gjaldskra-hja-pant-akstursthjonustu","status":"publish","type":"post","link":"https:\/\/sjalfsbjorg.is\/en\/breytingar-a-gjaldskra-hja-pant-akstursthjonustu\/","title":{"rendered":"Changes to Pant Driving Service rates"},"content":{"rendered":"<p>Um \u00e1ram\u00f3tin t\u00f3k gildi n\u00fd gjaldskr\u00e1 fyrir aksturs\u00fej\u00f3nustu Pant.<\/p>\n\n\n\n<p>N\u00fd gjaldskr\u00e1:<\/p>\n\n\n\n<p><strong>M\u00e1na\u00f0arkort:<\/strong>&nbsp;3.360 kr.<\/p>\n\n\n\n<p><strong>\u00c1rskort:<\/strong>&nbsp;33.600 kr.<\/p>\n\n\n\n<p><strong>Nemakort:<\/strong>&nbsp;33.600 kr. (S\u00f3tt um hj\u00e1 sveitarf\u00e9lagi vi\u00f0komandi, Klappkort getur fylgt)<\/p>\n\n\n\n<p><strong>Stakar fer\u00f0ir:<\/strong>&nbsp;200 kr. (a\u00f0eins eitt ver\u00f0, ekki lengur tv\u00f6 ver\u00f0 eftir \u00fev\u00ed hven\u00e6r er panta\u00f0)<\/p>\n\n\n\n<p><strong>Gestir:<\/strong>&nbsp;670 kr.<\/p>\n\n\n\n<p><strong>Leiksk\u00f3lab\u00f6rn:<\/strong>&nbsp;0 kr.<\/p>\n\n\n\n<p>Stakt fargjald fyrir aksturs\u00fej\u00f3nustu fatla\u00f0s f\u00f3lks skal mi\u00f0ast vi\u00f0 stakt gjald fyrir \u00f6ryrkja hj\u00e1 Str\u00e6t\u00f3 bs. samkv\u00e6mt gjaldskr\u00e1 Str\u00e6t\u00f3 bs. hverju sinni. B\u00f6rn 11 \u00e1ra og yngri eru undan\u00feegin gjaldskyldu.<\/p>\n\n\n\n<p>Gjald vegna t\u00edmabilskorta fyrir notendur aksturs\u00fej\u00f3nustu fatla\u00f0s f\u00f3lks mi\u00f0ast vi\u00f0 t\u00edmabilskort fyrir \u00f6ryrkja samkv\u00e6mt gjaldskr\u00e1 St\u00e6t\u00f3 bs. hverju sinni.<\/p>\n\n\n\n<p>Nemakort fyrir 16 \u00e1ra og eldri, sem stunda vi\u00f0urkennt framhalds- e\u00f0a h\u00e1sk\u00f3lan\u00e1m, skal mi\u00f0ast vi\u00f0 t\u00edmabilskort fyrir \u00f6ryrkja samkv\u00e6mt gjaldskr\u00e1 Str\u00e6t\u00f3 bs. hverju sinni.<\/p>\n\n\n\n<p>Fargjald fyrir a\u00f0ra far\u00feega sem fer\u00f0ast me\u00f0 notendum aksturs\u00fej\u00f3nustunnar er \u00ed samr\u00e6mi vi\u00f0 almenna gjaldskr\u00e1 Str\u00e6t\u00f3 bs. hverju sinni.<\/p>\n\n\n\n<p>Gjaldskr\u00e1 \u00feessi t\u00f3k gildi 1. jan\u00faar 2025 og f\u00e9ll \u00fe\u00e1 jafnframt \u00far gildi eldri gjaldskr\u00e1 aksturs\u00fej\u00f3nustu fatla\u00f0s f\u00f3lks.<\/p>\n\n\n\n<p>Best er a\u00f0 s\u00e6kja um \u00e1&nbsp;askrift@pant.is&nbsp;en einnig er h\u00e6gt a\u00f0 hringja \u00ed 540-2727.<\/p>\n\n\n\n<p><strong>Hverjir geta n\u00fdtt s\u00e9r aksturs\u00fej\u00f3nustu Pant?<\/strong><\/p>\n\n\n\n<p>Aksturs\u00fej\u00f3nusta Pant sinnir og st\u00fdrir akstri fatla\u00f0s f\u00f3lks og eldri borgara me\u00f0 l\u00f6gheimili \u00ed Reykjav\u00edk, Gar\u00f0ab\u00e6, Mosfellsb\u00e6 og Seltjarnarnesi.<\/p>\n\n\n\n<p>Hvert sveitarf\u00e9lag sam\u00feykkir heimild hvers og eins far\u00feega til a\u00f0 nota aksturs\u00fej\u00f3nustuna og \u00e1kve\u00f0ur gjaldskr\u00e1 fyrir \u00fej\u00f3nustuna.<\/p>\n\n\n\n<p>H\u00e6gt er a\u00f0 s\u00e6kja um&nbsp;<a href=\"https:\/\/pant.is\/thjonustan\/straetothjalfun\/\">str\u00e6t\u00f3\u00fej\u00e1lfun<\/a>&nbsp;til a\u00f0 f\u00e1 a\u00f0sto\u00f0 vi\u00f0 a\u00f0 l\u00e6ra \u00e1 str\u00e6t\u00f3.<\/p>","protected":false},"excerpt":{"rendered":"<p>Stakt fargjald fyrir aksturs\u00fej\u00f3nustu fatla\u00f0s f\u00f3lks skal mi\u00f0ast vi\u00f0 stakt gjald fyrir \u00f6ryrkja hj\u00e1 Str\u00e6t\u00f3 bs. samkv\u00e6mt gjaldskr\u00e1 Str\u00e6t\u00f3 bs. hverju sinni.<\/p>","protected":false},"author":1,"featured_media":7598,"comment_status":"closed","ping_status":"closed","sticky":false,"template":"","format":"standard","meta":{"footnotes":""},"categories":[55],"tags":[],"class_list":["post-7597","post","type-post","status-publish","format-standard","has-post-thumbnail","hentry","category-frettir"],"_links":{"self":[{"href":"https:\/\/sjalfsbjorg.is\/en\/wp-json\/wp\/v2\/posts\/7597","targetHints":{"allow":["GET"]}}],"collection":[{"href":"https:\/\/sjalfsbjorg.is\/en\/wp-json\/wp\/v2\/posts"}],"about":[{"href":"https:\/\/sjalfsbjorg.is\/en\/wp-json\/wp\/v2\/types\/post"}],"author":[{"embeddable":true,"href":"https:\/\/sjalfsbjorg.is\/en\/wp-json\/wp\/v2\/users\/1"}],"replies":[{"embeddable":true,"href":"https:\/\/sjalfsbjorg.is\/en\/wp-json\/wp\/v2\/comments?post=7597"}],"version-history":[{"count":1,"href":"https:\/\/sjalfsbjorg.is\/en\/wp-json\/wp\/v2\/posts\/7597\/revisions"}],"predecessor-version":[{"id":13371,"href":"https:\/\/sjalfsbjorg.is\/en\/wp-json\/wp\/v2\/posts\/7597\/revisions\/13371"}],"wp:featuredmedia":[{"embeddable":true,"href":"https:\/\/sjalfsbjorg.is\/en\/wp-json\/wp\/v2\/media\/7598"}],"wp:attachment":[{"href":"https:\/\/sjalfsbjorg.is\/en\/wp-json\/wp\/v2\/media?parent=7597"}],"wp:term":[{"taxonomy":"category","embeddable":true,"href":"https:\/\/sjalfsbjorg.is\/en\/wp-json\/wp\/v2\/categories?post=7597"},{"taxonomy":"post_tag","embeddable":true,"href":"https:\/\/sjalfsbjorg.is\/en\/wp-json\/wp\/v2\/tags?post=7597"}],"curies":[{"name":"wp","href":"https:\/\/api.w.org\/{rel}","templated":true}]}}