{"id":7607,"date":"2024-12-17T13:41:00","date_gmt":"2024-12-17T13:41:00","guid":{"rendered":"https:\/\/sjalfsbjorg.is\/?p=7607"},"modified":"2026-04-29T10:59:45","modified_gmt":"2026-04-29T10:59:45","slug":"atvinnuthatttaka-hreyfihamlads-folks-og-unndis","status":"publish","type":"post","link":"https:\/\/sjalfsbjorg.is\/en\/atvinnuthatttaka-hreyfihamlads-folks-og-unndis\/","title":{"rendered":"Employment participation of people with disabilities and Unnd\u00eds"},"content":{"rendered":"<p>\u00cd morgun \u00feann 17. desember 2024 funda\u00f0i forma\u00f0ur og framkv\u00e6mdastj\u00f3ri Sj\u00e1lfsbjargar lsh. me\u00f0 S\u00f6ru D\u00f6gg Svanhildard\u00f3ttur verkefnast\u00fdru fr\u00e1 Vinnum\u00e1lastofnun (VMST) um m\u00f6guleika hreyfihamla\u00f0s f\u00f3lks til atvinnu\u00fe\u00e1ttt\u00f6ku. Sara D\u00f6gg kynnti Unnd\u00edsi sem er verkf\u00e6ri\/lei\u00f0arv\u00edsir me\u00f0 innbygg\u00f0u matskerfi sem sty\u00f0ur vi\u00f0 innlei\u00f0ingu \u00e1 inngildandi vinnusta\u00f0amenningu a\u00f0 teknu tilliti til f\u00f3lks me\u00f0&nbsp;<strong>mismikla starfsgetu<\/strong>&nbsp;og \u00e1 s\u00e9r fyrirmynd hj\u00e1 stofnunum Sameinu\u00f0u \u00fej\u00f3\u00f0anna (UNDIS &#8211; United Nations Disability Inclusion Strategy). \u00c1 fundinum r\u00e6ddum vi\u00f0 um a\u00f0gengi a\u00f0 vinnust\u00f6\u00f0um og hva\u00f0 \u00feyrfti a\u00f0 vera til sta\u00f0ar \u00feannig a\u00f0 hreyfihamla\u00f0 f\u00f3lk hef\u00f0i t\u00e6kif\u00e6ri til \u00fe\u00e1ttt\u00f6ku \u00e1 vinnumarka\u00f0i. \u00c1hugaver\u00f0ur fundur um mikilv\u00e6g m\u00e1l sem tengjast a\u00f0gengi a\u00f0 atvinnu og a\u00f0gengi a\u00f0 samf\u00e9laginu.<\/p>\n\n\n\n<p>Hausti\u00f0 2025 taka gildi breytingar \u00e1 \u00f6rorkul\u00edfeyriskerfinu sem fela \u00ed s\u00e9r&nbsp;<strong>n\u00fdja hugsun<\/strong>&nbsp;sem \u00e6tla\u00f0 er a\u00f0 lei\u00f0i af s\u00e9r&nbsp;<strong>meiri hvata til atvinnu\u00fe\u00e1ttt\u00f6ku<\/strong>&nbsp;f\u00f3lks me\u00f0 mismikla starfsgetu. Aukin atvinnu\u00fe\u00e1tttaka \u00feessa h\u00f3ps kallar \u00e1&nbsp;<strong>fj\u00f6lgun hlutastarfa<\/strong>&nbsp;\u00e1 vinnumarka\u00f0i.<\/p>\n\n\n\n<p>Me\u00f0 tilkomu breytinganna \u00e1 \u00f6rorkul\u00edfeyriskerfinu er gert r\u00e1\u00f0 fyrir \u00fev\u00ed a\u00f0 fleira f\u00f3lk, sem b\u00fdr yfir s\u00e9rfr\u00e6\u00f0i\u00feekkingu en hefur vegna slysa e\u00f0a sj\u00fakd\u00f3ma horfi\u00f0 af vinnumarka\u00f0i og misst hluta af starfsgetu sinni, leiti aftur \u00fat \u00e1 vinnumarka\u00f0inn.<\/p>\n\n\n\n<p>Til \u00feess a\u00f0 m\u00e6ta \u00feeim breytingum er br\u00fdnt a\u00f0 fj\u00f6lga hlutast\u00f6rfum \u00e1 vinnumarka\u00f0i.<\/p>\n\n\n\n<p>Markmi\u00f0 Unnd\u00edsar er a\u00f0 sty\u00f0ja me\u00f0 afgerandi h\u00e6tti vi\u00f0 fyrirt\u00e6ki me\u00f0 r\u00e1\u00f0gj\u00f6f, fr\u00e6\u00f0slu og eftirfylgd svo fj\u00f6lgun hlutastarfa ver\u00f0i a\u00f0 veruleika.<\/p>\n\n\n\n<p>Vinnum\u00e1lastofnun hefur veri\u00f0 fali\u00f0 a\u00f0 lei\u00f0a Unnd\u00edsi me\u00f0 \u00fea\u00f0 a\u00f0 markmi\u00f0i a\u00f0 n\u00e1 til sem flestra fyrirt\u00e6kja og stofnana r\u00edkis og sveitarf\u00e9laga.<\/p>\n\n\n\n<p><strong>\u00de\u00e1tttaka fyrirt\u00e6kja \u00ed Unnd\u00edsi felur \u00ed s\u00e9r:<\/strong><\/p>\n\n\n\n<ul class=\"wp-block-list\">\n<li>Framkv\u00e6md st\u00f6\u00f0umats me\u00f0 matskvar\u00f0a Unnd\u00edsar \u00e1 \u00f6llum \u00fe\u00e1ttum vinnusta\u00f0ar sem sty\u00f0ja vi\u00f0 atvinnu\u00fe\u00e1ttt\u00f6ku f\u00f3lks me\u00f0 mismikla starfsgetu.<\/li>\n\n\n\n<li>R\u00fdni jafnr\u00e9ttis\u00e1\u00e6tlunar me\u00f0 tilliti til inngildingar.<\/li>\n\n\n\n<li>R\u00fdni \u00e1 t\u00e6kif\u00e6ri vinnusta\u00f0ar til fj\u00f6lgunar hlutastarfa.<\/li>\n\n\n\n<li>Ger\u00f0 a\u00f0ger\u00f0a\u00e1\u00e6tlunar sem mi\u00f0ar a\u00f0 r\u00e1\u00f0ninga \u00ed hlutast\u00f6rf.<\/li>\n\n\n\n<li>Endurmat me\u00f0 reglubundnum h\u00e6tti.<\/li>\n<\/ul>\n\n\n\n<p><strong>Vinnum\u00e1lstofnun b\u00fd\u00f0ur upp \u00e1 eftirfarandi stu\u00f0ning vi\u00f0 innlei\u00f0inguna:<\/strong><\/p>\n\n\n\n<ul class=\"wp-block-list\">\n<li>Utanumhald og kynningu \u00e1 Unnd\u00edsi og \u00fej\u00f3nustu vi\u00f0 vinnusta\u00f0inn vi\u00f0 innlei\u00f0ingu verkefnisins.<\/li>\n\n\n\n<li>Mat \u00e1 st\u00f6\u00f0u inngildingar vinnusta\u00f0arins me\u00f0 matst\u00e6ki Unnd\u00edsar.<\/li>\n\n\n\n<li>R\u00e1\u00f0gj\u00f6f vi\u00f0 a\u00f0 r\u00fdna t\u00e6kif\u00e6ri til hlutastarfa innan stofnunarinnar e\u00f0a fyrirt\u00e6kisins.<\/li>\n\n\n\n<li>Fr\u00e6\u00f0slu um vi\u00f0eigandi a\u00f0l\u00f6gun \u00e1 vinnusta\u00f0.<\/li>\n\n\n\n<li>Stu\u00f0ning vi\u00f0 r\u00e1\u00f0ningu \u00ed st\u00f6rf og eftir atvikum eftirfylgd me\u00f0 r\u00e1\u00f0ningu.<\/li>\n\n\n\n<li>Stu\u00f0ning vi\u00f0 ger\u00f0 t\u00edma\u00e1\u00e6tlunar og a\u00f0ger\u00f0aplans innlei\u00f0ingar.<\/li>\n\n\n\n<li>Mat \u00e1 stefnu og \u00e1rangri innlei\u00f0ingar. (Inngilding f\u00f3lks me\u00f0 mismikla starfsgetu skrifu\u00f0 inn \u00ed jafnar\u00e9ttisstefnu).<\/li>\n\n\n\n<li>Endurgj\u00f6f og a\u00f0sto\u00f0 vi\u00f0 a\u00f0 n\u00e1 betri \u00e1rangri \u00fear sem \u00fea\u00f0 \u00e1 vi\u00f0.<\/li>\n<\/ul>","protected":false},"excerpt":{"rendered":"<p>\u00cd morgun \u00feann 17. desember 2024 funda\u00f0i forma\u00f0ur og framkv\u00e6mdastj\u00f3ri Sj\u00e1lfsbjargar lsh. me\u00f0 S\u00f6ru D\u00f6gg Svanhildard\u00f3ttur <\/p>","protected":false},"author":1,"featured_media":7608,"comment_status":"closed","ping_status":"closed","sticky":false,"template":"","format":"standard","meta":{"footnotes":""},"categories":[55],"tags":[],"class_list":["post-7607","post","type-post","status-publish","format-standard","has-post-thumbnail","hentry","category-frettir"],"_links":{"self":[{"href":"https:\/\/sjalfsbjorg.is\/en\/wp-json\/wp\/v2\/posts\/7607","targetHints":{"allow":["GET"]}}],"collection":[{"href":"https:\/\/sjalfsbjorg.is\/en\/wp-json\/wp\/v2\/posts"}],"about":[{"href":"https:\/\/sjalfsbjorg.is\/en\/wp-json\/wp\/v2\/types\/post"}],"author":[{"embeddable":true,"href":"https:\/\/sjalfsbjorg.is\/en\/wp-json\/wp\/v2\/users\/1"}],"replies":[{"embeddable":true,"href":"https:\/\/sjalfsbjorg.is\/en\/wp-json\/wp\/v2\/comments?post=7607"}],"version-history":[{"count":1,"href":"https:\/\/sjalfsbjorg.is\/en\/wp-json\/wp\/v2\/posts\/7607\/revisions"}],"predecessor-version":[{"id":13376,"href":"https:\/\/sjalfsbjorg.is\/en\/wp-json\/wp\/v2\/posts\/7607\/revisions\/13376"}],"wp:featuredmedia":[{"embeddable":true,"href":"https:\/\/sjalfsbjorg.is\/en\/wp-json\/wp\/v2\/media\/7608"}],"wp:attachment":[{"href":"https:\/\/sjalfsbjorg.is\/en\/wp-json\/wp\/v2\/media?parent=7607"}],"wp:term":[{"taxonomy":"category","embeddable":true,"href":"https:\/\/sjalfsbjorg.is\/en\/wp-json\/wp\/v2\/categories?post=7607"},{"taxonomy":"post_tag","embeddable":true,"href":"https:\/\/sjalfsbjorg.is\/en\/wp-json\/wp\/v2\/tags?post=7607"}],"curies":[{"name":"wp","href":"https:\/\/api.w.org\/{rel}","templated":true}]}}