{"id":7626,"date":"2024-11-05T13:55:00","date_gmt":"2024-11-05T13:55:00","guid":{"rendered":"https:\/\/sjalfsbjorg.is\/?p=7626"},"modified":"2026-04-29T10:59:45","modified_gmt":"2026-04-29T10:59:45","slug":"opinn-fundur-med-frambjodendum-til-althingis-i-dag","status":"publish","type":"post","link":"https:\/\/sjalfsbjorg.is\/en\/opinn-fundur-med-frambjodendum-til-althingis-i-dag\/","title":{"rendered":"Open meeting with candidates for the Althing today."},"content":{"rendered":"<p>Hva\u00f0 \u00e6tla stj\u00f3rnm\u00e1laflokkarnir a\u00f0 gera fyrir fatla\u00f0 f\u00f3lk? Hvernig \u00e6tla \u00feeir a\u00f0 tryggja full mannr\u00e9ttindi h\u00e9r \u00e1 landi?<\/p>\n\n\n\n<p>\u00deessum spurningum og fleirum ver\u00f0ur svara\u00f0 \u00e1 opnum fundi \u00d6B\u00cd r\u00e9ttindasamtaka me\u00f0 frambj\u00f3\u00f0endum til Al\u00feingis \u00ed dag, 5. n\u00f3vember kl. 15-17 \u00e1 Grand h\u00f3teli \u00ed Reykjav\u00edk.<\/p>\n\n\n\n<p>Fundurinn er t\u00e1knm\u00e1ls- og ritt\u00falka\u00f0ur. Gott a\u00f0gengi fyrir hj\u00f3last\u00f3la er \u00e1 sta\u00f0num. Fundarstj\u00f3ri er Helgi Seljan.<br><br>Fundinum ver\u00f0ur einnig&nbsp;<a href=\"https:\/\/www.obi.is\/frettir-og-vidburdir\/frett\/bein-utsending-spurning-um-rettindi-fundur-med-frambjodendum\/\">streymt \u00e1 vefs\u00ed\u00f0u \u00d6B\u00cd &#8211; r\u00e9ttindasamtaka<\/a>. Vi\u00f0 hvetjum sem flesta til a\u00f0 fylgjast me\u00f0.<\/p>","protected":false},"excerpt":{"rendered":"<p>Hva\u00f0 \u00e6tla stj\u00f3rnm\u00e1laflokkarnir a\u00f0 gera fyrir fatla\u00f0 f\u00f3lk? Hvernig \u00e6tla \u00feeir a\u00f0 tryggja full mannr\u00e9ttindi h\u00e9r \u00e1 landi?<\/p>","protected":false},"author":1,"featured_media":4025,"comment_status":"closed","ping_status":"closed","sticky":false,"template":"","format":"standard","meta":{"footnotes":""},"categories":[55],"tags":[],"class_list":["post-7626","post","type-post","status-publish","format-standard","has-post-thumbnail","hentry","category-frettir"],"_links":{"self":[{"href":"https:\/\/sjalfsbjorg.is\/en\/wp-json\/wp\/v2\/posts\/7626","targetHints":{"allow":["GET"]}}],"collection":[{"href":"https:\/\/sjalfsbjorg.is\/en\/wp-json\/wp\/v2\/posts"}],"about":[{"href":"https:\/\/sjalfsbjorg.is\/en\/wp-json\/wp\/v2\/types\/post"}],"author":[{"embeddable":true,"href":"https:\/\/sjalfsbjorg.is\/en\/wp-json\/wp\/v2\/users\/1"}],"replies":[{"embeddable":true,"href":"https:\/\/sjalfsbjorg.is\/en\/wp-json\/wp\/v2\/comments?post=7626"}],"version-history":[{"count":1,"href":"https:\/\/sjalfsbjorg.is\/en\/wp-json\/wp\/v2\/posts\/7626\/revisions"}],"predecessor-version":[{"id":13381,"href":"https:\/\/sjalfsbjorg.is\/en\/wp-json\/wp\/v2\/posts\/7626\/revisions\/13381"}],"wp:featuredmedia":[{"embeddable":true,"href":"https:\/\/sjalfsbjorg.is\/en\/wp-json\/wp\/v2\/media\/4025"}],"wp:attachment":[{"href":"https:\/\/sjalfsbjorg.is\/en\/wp-json\/wp\/v2\/media?parent=7626"}],"wp:term":[{"taxonomy":"category","embeddable":true,"href":"https:\/\/sjalfsbjorg.is\/en\/wp-json\/wp\/v2\/categories?post=7626"},{"taxonomy":"post_tag","embeddable":true,"href":"https:\/\/sjalfsbjorg.is\/en\/wp-json\/wp\/v2\/tags?post=7626"}],"curies":[{"name":"wp","href":"https:\/\/api.w.org\/{rel}","templated":true}]}}