{"id":7635,"date":"2024-09-25T14:01:00","date_gmt":"2024-09-25T14:01:00","guid":{"rendered":"https:\/\/sjalfsbjorg.is\/?p=7635"},"modified":"2026-04-29T10:59:45","modified_gmt":"2026-04-29T10:59:45","slug":"oskad-eftir-thatttakendum-i-rannsokn-a-stodu-fatladra-kvenna-a-vinnumarkadi","status":"publish","type":"post","link":"https:\/\/sjalfsbjorg.is\/en\/oskad-eftir-thatttakendum-i-rannsokn-a-stodu-fatladra-kvenna-a-vinnumarkadi\/","title":{"rendered":"Participants requested for study on the status of disabled women in the labor market"},"content":{"rendered":"<p><strong>Hva\u00f0 hindrar og hva\u00f0 sty\u00f0ur fatla\u00f0ar konur \u00e1 aldrinum 50-67 \u00e1ra til \u00fe\u00e1ttt\u00f6ku \u00e1 vinnumarka\u00f0i?<\/strong><\/p>\n\n\n\n<p><strong>Meistaranemi \u00ed f\u00f6tlunarfr\u00e6\u00f0i \u00ed H\u00e1sk\u00f3la \u00cdslands leitar a\u00f0 vi\u00f0m\u00e6lendum til a\u00f0 taka \u00fe\u00e1tt \u00ed ranns\u00f3kn \u00fear sem \u00e6tlunin er a\u00f0 skapa \u00feekkingu sem valdefli fatla\u00f0 f\u00f3lk til a\u00f0 b\u00e6ta a\u00f0st\u00e6\u00f0ur s\u00ednar og inngildingu \u00e1 vinnumarka\u00f0inn.<\/strong><\/p>\n\n\n\n<p>N\u00fdgengi \u00f6rorku vir\u00f0ist vera h\u00e6st, 42%, hj\u00e1 konum 50 \u00e1ra og eldri. Eitthva\u00f0 \u00ed l\u00edfshlaupi kvenna vir\u00f0ist gera a\u00f0 verkum a\u00f0 \u00fe\u00e6r s\u00e9u l\u00edklegri til a\u00f0 fara \u00e1 \u00f6rorku en karlar. \u00cd ranns\u00f3kninni ver\u00f0ur \u00feetta rannsaka\u00f0 n\u00e1nar me\u00f0 eigindlegum ranns\u00f3knara\u00f0fer\u00f0um. Tala\u00f0 ver\u00f0ur vi\u00f0 konur \u00e1 aldrinum 50-67 \u00e1ra sem eru \u00f6rorkul\u00edfeyris\u00feegar vegna heilsumissis \u00e1 l\u00edfslei\u00f0inni. \u00c1hersla er \u00e1 fj\u00f6lbreytta hj\u00faskaparst\u00f6\u00f0u.<\/p>\n\n\n\n<p>Ranns\u00f3knin mi\u00f0ast a\u00f0 \u00fev\u00ed a\u00f0 afla \u00feekkingar \u00fat fr\u00e1 sj\u00f3narhornum, upplifunum og l\u00edfsreynslu \u00feessara kvenna. Markmi\u00f0 ranns\u00f3knarinnar er a\u00f0 afla gagnlegrar \u00feekkingar sem auki skilning \u00e1 \u00fe\u00f6rfum \u00feessara kvenna og a\u00f0 skapa t\u00e6kif\u00e6ri til a\u00f0 ry\u00f0ja \u00far vegi hindrunum sem konur \u00ed \u00e1\u00feekkri st\u00f6\u00f0u kunni a\u00f0 ver\u00f0a fyrir. Tilgangurinn er a\u00f0 sty\u00f0ja \u00fe\u00e6r betur til \u00fe\u00e1ttt\u00f6ku og inngildingar \u00e1 vinnumarka\u00f0inn me\u00f0 \u00fea\u00f0 a\u00f0 markmi\u00f0i a\u00f0 b\u00e6ta l\u00edfskj\u00f6r \u00feeirra.<\/p>\n\n\n\n<p>Ranns\u00f3knin ver\u00f0ur vonandi einnig gagnleg til a\u00f0 auka skilning stj\u00f3rnvalda og vinnumarka\u00f0arins \u00e1 hvernig uppfylla megi betur \u00fearfir fatla\u00f0s f\u00f3lks til a\u00f0 stu\u00f0la a\u00f0 inngildingu \u00e1 vinnumarka\u00f0inn me\u00f0 \u00e1rangursr\u00edkari h\u00e6tti og um lei\u00f0 auka \u00fe\u00e1ttt\u00f6ku \u00feeirra \u00ed samf\u00e9laginu.<\/p>\n\n\n\n<p>\u00de\u00e1tttaka \u00ed ranns\u00f3kninni felst \u00ed \u00fev\u00ed a\u00f0 \u00fe\u00e1ttakandi taki \u00fe\u00e1tt \u00ed einu til tveimur vi\u00f0t\u00f6lum sem ver\u00f0a afritu\u00f0 or\u00f0r\u00e9tt og greind me\u00f0 eiginlegum ranns\u00f3knara\u00f0fer\u00f0um. Allar uppl\u00fdsingar ver\u00f0a me\u00f0h\u00f6ndla\u00f0ar sem tr\u00fana\u00f0arm\u00e1l. \u00d6llum n\u00f6fnum, sta\u00f0h\u00e1ttum og \u00f6\u00f0rum pers\u00f3nugreinarlegum uppl\u00fdsingum ver\u00f0ur breytt \u00feannig a\u00f0 \u00fe\u00e6r ver\u00f0a algj\u00f6rlega \u00f3pers\u00f3nugreinanlegar. Fari\u00f0 ver\u00f0ur eftir \u00edslenskum l\u00f6gum var\u00f0andi pers\u00f3nuvernd, vinnslu og ey\u00f0ingu frumgagna. \u00de\u00e1tttaka \u00fe\u00edn \u00ed ranns\u00f3kninni er \u00fev\u00ed mikils vir\u00f0i.<\/p>\n\n\n\n<p>Ef \u00fe\u00fa hefur \u00e1huga \u00e1 a\u00f0 taka \u00fe\u00e1tt \u00ed ranns\u00f3kninni e\u00f0a f\u00e1 n\u00e1nari uppl\u00fdsingar vinsamlegast haf\u00f0u samband vi\u00f0 rannsakandann, \u00d6nnu Margr\u00e9ti Bjarnad\u00f3ttur me\u00f0 t\u00f6lvup\u00f3sti&nbsp;amb44@hi.is&nbsp;e\u00f0a s\u00edma 7818708 (samtal e\u00f0a sms).<\/p>\n\n\n\n<p>\u00c1byrg\u00f0arma\u00f0ur ranns\u00f3knarinnar er dr Stefan C. Hardonk, lektor, f\u00e9lagsv\u00edsindasvi\u00f0, H\u00e1sk\u00f3la \u00cdslands, netfang:&nbsp;hardonk@hi.is&nbsp;og s\u00edmi 8576017.<\/p>","protected":false},"excerpt":{"rendered":"<p>Hva\u00f0 hindrar og hva\u00f0 sty\u00f0ur fatla\u00f0ar konur \u00e1 aldrinum 50-67 \u00e1ra til \u00fe\u00e1ttt\u00f6ku \u00e1 vinnumarka\u00f0i?<\/p>","protected":false},"author":1,"featured_media":6233,"comment_status":"closed","ping_status":"closed","sticky":false,"template":"","format":"standard","meta":{"footnotes":""},"categories":[55],"tags":[],"class_list":["post-7635","post","type-post","status-publish","format-standard","has-post-thumbnail","hentry","category-frettir"],"_links":{"self":[{"href":"https:\/\/sjalfsbjorg.is\/en\/wp-json\/wp\/v2\/posts\/7635","targetHints":{"allow":["GET"]}}],"collection":[{"href":"https:\/\/sjalfsbjorg.is\/en\/wp-json\/wp\/v2\/posts"}],"about":[{"href":"https:\/\/sjalfsbjorg.is\/en\/wp-json\/wp\/v2\/types\/post"}],"author":[{"embeddable":true,"href":"https:\/\/sjalfsbjorg.is\/en\/wp-json\/wp\/v2\/users\/1"}],"replies":[{"embeddable":true,"href":"https:\/\/sjalfsbjorg.is\/en\/wp-json\/wp\/v2\/comments?post=7635"}],"version-history":[{"count":1,"href":"https:\/\/sjalfsbjorg.is\/en\/wp-json\/wp\/v2\/posts\/7635\/revisions"}],"predecessor-version":[{"id":13383,"href":"https:\/\/sjalfsbjorg.is\/en\/wp-json\/wp\/v2\/posts\/7635\/revisions\/13383"}],"wp:featuredmedia":[{"embeddable":true,"href":"https:\/\/sjalfsbjorg.is\/en\/wp-json\/wp\/v2\/media\/6233"}],"wp:attachment":[{"href":"https:\/\/sjalfsbjorg.is\/en\/wp-json\/wp\/v2\/media?parent=7635"}],"wp:term":[{"taxonomy":"category","embeddable":true,"href":"https:\/\/sjalfsbjorg.is\/en\/wp-json\/wp\/v2\/categories?post=7635"},{"taxonomy":"post_tag","embeddable":true,"href":"https:\/\/sjalfsbjorg.is\/en\/wp-json\/wp\/v2\/tags?post=7635"}],"curies":[{"name":"wp","href":"https:\/\/api.w.org\/{rel}","templated":true}]}}